{"id":174,"date":"2025-03-06T09:57:23","date_gmt":"2025-03-06T09:57:23","guid":{"rendered":"https:\/\/winddemo.com\/dernek\/?p=174"},"modified":"2025-03-06T10:33:55","modified_gmt":"2025-03-06T10:33:55","slug":"hasadin-ardindan-bugdayin-bereketiyle-sektor-degerlendirme-toplantisi-gerceklesti","status":"publish","type":"post","link":"https:\/\/www.mbusd.org.tr\/index.php\/2025\/03\/06\/hasadin-ardindan-bugdayin-bereketiyle-sektor-degerlendirme-toplantisi-gerceklesti\/","title":{"rendered":"Hasad\u0131n Ard\u0131ndan: Bu\u011fday\u0131n Bereketiyle Sekt\u00f6r De\u011ferlendirme Toplant\u0131s\u0131 Ger\u00e7ekle\u015fti"},"content":{"rendered":"\n<p>T\u00fcrkiye un sanayisinin \u00f6nemli bulu\u015fmalar\u0131ndan biri olan <strong>Hasat Sonras\u0131 Geni\u015fletilmi\u015f Sekt\u00f6r De\u011ferlendirme Toplant\u0131s\u0131<\/strong>, <strong>Toprak Mahsulleri Ofisi (TMO) Genel M\u00fcd\u00fcrl\u00fc\u011f\u00fc<\/strong> ve <strong>T\u00fcrkiye Un Sanayicileri Federasyonu (TUSAF)<\/strong> destekleriyle 13-15 Ekim 2023 tarihlerinde <strong>Elite World Hotel &amp; Resort Sapanca\u2019da<\/strong> ger\u00e7ekle\u015ftirildi.<\/p>\n\n\n\n<p>Bu y\u0131l <strong>&#8220;Hasad\u0131n Ard\u0131ndan Bu\u011fday\u0131n Bereketiyle&#8221;<\/strong> temas\u0131yla d\u00fczenlenen toplant\u0131, un sanayisinin mevcut durumu, bu\u011fday arz\u0131, piyasa dinamikleri ve sekt\u00f6r\u00fcn gelece\u011fine y\u00f6nelik stratejilerin ele al\u0131nd\u0131\u011f\u0131 \u00f6nemli bir platform oldu.<\/p>\n\n\n\n<h2 class=\"wp-block-heading\"><strong>Sekt\u00f6r\u00fcn Yol Haritas\u0131 Belirlendi<\/strong><\/h2>\n\n\n\n<p>T\u00fcrkiye\u2019nin d\u00f6rt bir yan\u0131ndan sekt\u00f6r temsilcilerinin kat\u0131ld\u0131\u011f\u0131 toplant\u0131da, <strong>hasat sonras\u0131 bu\u011fday kalitesi, \u00fcretim s\u00fcre\u00e7leri ve un sanayisinin kar\u015f\u0131la\u015ft\u0131\u011f\u0131 zorluklar<\/strong> detayl\u0131 bir \u015fekilde de\u011ferlendirildi. Sekt\u00f6r\u00fcn s\u00fcrd\u00fcr\u00fclebilirli\u011fi i\u00e7in al\u0131nmas\u0131 gereken \u00f6nlemler tart\u0131\u015f\u0131ld\u0131 ve <strong>gelece\u011fe y\u00f6nelik stratejik ad\u0131mlar<\/strong> belirlendi.<\/p>\n\n\n\n<h2 class=\"wp-block-heading\"><strong>G\u00fcndemde \u00d6ne \u00c7\u0131kan Konular<\/strong><\/h2>\n\n\n\n<p>\ud83d\udccc <strong>Bu\u011fday \u00dcretimi ve Kalitesi:<\/strong> 2023 hasat d\u00f6neminin de\u011ferlendirilmesi, \u00fcretim miktarlar\u0131 ve kalite analizleri ele al\u0131nd\u0131.<br>\ud83d\udccc <strong>Un Sanayisinin Gelece\u011fi:<\/strong> TMO ve TUSAF i\u015f birli\u011fiyle sekt\u00f6r\u00fcn g\u00fc\u00e7lendirilmesine y\u00f6nelik \u00f6neriler sunuldu.<br>\ud83d\udccc <strong>Piyasa ve Ticaret:<\/strong> Un sanayicilerinin kar\u015f\u0131la\u015ft\u0131\u011f\u0131 ticari zorluklar ve ihracat olanaklar\u0131 masaya yat\u0131r\u0131ld\u0131.<br>\ud83d\udccc <strong>\u0130klim De\u011fi\u015fikli\u011fi ve Tar\u0131m:<\/strong> K\u00fcresel iklim de\u011fi\u015fikli\u011finin bu\u011fday \u00fcretimi \u00fczerindeki etkileri ve \u00e7\u00f6z\u00fcm \u00f6nerileri tart\u0131\u015f\u0131ld\u0131.<\/p>\n\n\n\n<h2 class=\"wp-block-heading\"><strong>Sonu\u00e7 ve De\u011ferlendirme<\/strong><\/h2>\n\n\n\n<p>&#8220;Hasad\u0131n Ard\u0131ndan Bu\u011fday\u0131n Bereketiyle&#8221; temal\u0131 bu geni\u015fletilmi\u015f sekt\u00f6r de\u011ferlendirme toplant\u0131s\u0131, un sanayisinin <strong>daha verimli, s\u00fcrd\u00fcr\u00fclebilir ve rekabet\u00e7i bir yap\u0131ya ula\u015fmas\u0131 i\u00e7in kritik bir ad\u0131m<\/strong> oldu. <strong>Sekt\u00f6r temsilcilerinin bir araya gelerek ortak \u00e7\u00f6z\u00fcmler \u00fcretmesi<\/strong>, gelece\u011fe y\u00f6nelik umut verici i\u015f birliklerinin \u00f6n\u00fcn\u00fc a\u00e7t\u0131.<\/p>\n\n\n\n<p>Un sanayisinin g\u00fc\u00e7lenmesi ad\u0131na d\u00fczenlenen bu t\u00fcr organizasyonlar, sekt\u00f6r\u00fcn geli\u015fimini desteklemeye ve \u00fcreticiler ile sanayiciler aras\u0131ndaki k\u00f6pr\u00fcy\u00fc sa\u011flamla\u015ft\u0131rmaya devam edecek.<\/p>\n","protected":false},"excerpt":{"rendered":"<p>T\u00fcrkiye un sanayisinin \u00f6nemli bulu\u015fmalar\u0131ndan biri olan Hasat Sonras\u0131 Geni\u015fletilmi\u015f Sekt\u00f6r De\u011ferlendirme Toplant\u0131s\u0131, Toprak Mahsulleri Ofisi (TMO) Genel M\u00fcd\u00fcrl\u00fc\u011f\u00fc ve T\u00fcrkiye Un Sanayicileri Federasyonu (TUSAF) destekleriyle 13-15 Ekim 2023 tarihlerinde Elite World Hotel &amp; Resort Sapanca\u2019da ger\u00e7ekle\u015ftirildi. Bu y\u0131l &#8220;Hasad\u0131n Ard\u0131ndan Bu\u011fday\u0131n Bereketiyle&#8221; temas\u0131yla d\u00fczenlenen toplant\u0131, un sanayisinin mevcut durumu, bu\u011fday arz\u0131, piyasa dinamikleri ve [&hellip;]<\/p>\n","protected":false},"author":1,"featured_media":211,"comment_status":"closed","ping_status":"closed","sticky":false,"template":"","format":"standard","meta":{"footnotes":""},"categories":[24],"tags":[],"class_list":["post-174","post","type-post","status-publish","format-standard","has-post-thumbnail","hentry","category-haberler"],"_links":{"self":[{"href":"https:\/\/www.mbusd.org.tr\/index.php\/wp-json\/wp\/v2\/posts\/174","targetHints":{"allow":["GET"]}}],"collection":[{"href":"https:\/\/www.mbusd.org.tr\/index.php\/wp-json\/wp\/v2\/posts"}],"about":[{"href":"https:\/\/www.mbusd.org.tr\/index.php\/wp-json\/wp\/v2\/types\/post"}],"author":[{"embeddable":true,"href":"https:\/\/www.mbusd.org.tr\/index.php\/wp-json\/wp\/v2\/users\/1"}],"replies":[{"embeddable":true,"href":"https:\/\/www.mbusd.org.tr\/index.php\/wp-json\/wp\/v2\/comments?post=174"}],"version-history":[{"count":1,"href":"https:\/\/www.mbusd.org.tr\/index.php\/wp-json\/wp\/v2\/posts\/174\/revisions"}],"predecessor-version":[{"id":175,"href":"https:\/\/www.mbusd.org.tr\/index.php\/wp-json\/wp\/v2\/posts\/174\/revisions\/175"}],"wp:featuredmedia":[{"embeddable":true,"href":"https:\/\/www.mbusd.org.tr\/index.php\/wp-json\/wp\/v2\/media\/211"}],"wp:attachment":[{"href":"https:\/\/www.mbusd.org.tr\/index.php\/wp-json\/wp\/v2\/media?parent=174"}],"wp:term":[{"taxonomy":"category","embeddable":true,"href":"https:\/\/www.mbusd.org.tr\/index.php\/wp-json\/wp\/v2\/categories?post=174"},{"taxonomy":"post_tag","embeddable":true,"href":"https:\/\/www.mbusd.org.tr\/index.php\/wp-json\/wp\/v2\/tags?post=174"}],"curies":[{"name":"wp","href":"https:\/\/api.w.org\/{rel}","templated":true}]}}